{"id":483,"date":"2026-03-02T11:40:56","date_gmt":"2026-03-02T11:40:56","guid":{"rendered":"https:\/\/www.emeraude-vacances.com\/?p=483"},"modified":"2026-04-07T09:06:11","modified_gmt":"2026-04-07T09:06:11","slug":"emeraude-vacances-saint-denis-d-oleron","status":"publish","type":"post","link":"https:\/\/www.emeraude-vacances.com\/de\/emeraude-vacances-saint-denis-d-oleron\/","title":{"rendered":"\u00c9meraude Vacances in Saint-Denis-d\u2019Ol\u00e9ron: 3 Unterk\u00fcnfte an einem einzigen Standort"},"content":{"rendered":"<div data-elementor-type=\"wp-post\" data-elementor-id=\"483\" class=\"elementor elementor-483\" data-elementor-post-type=\"post\">\n\t\t\t\t<div class=\"elementor-element elementor-element-05b3acd e-flex e-con-boxed e-con e-parent\" data-id=\"05b3acd\" data-element_type=\"container\">\n\t\t\t\t\t<div class=\"e-con-inner\">\n\t\t\t\t<div class=\"elementor-element elementor-element-a6ac9db elementor-widget elementor-widget-text-editor\" data-id=\"a6ac9db\" data-element_type=\"widget\" data-widget_type=\"text-editor.default\">\n\t\t\t\t<div class=\"elementor-widget-container\">\n\t\t\t\t\t\t\t\t\t<p class=\"translation-block\">Mit dem Start einer neuen Website geht <a href=\"https:\/\/www.emeraude-vacances.com\/de\" target=\"_self\"><strong>\u00c9meraude Vacances<\/strong><\/a> einen weiteren Schritt und b\u00fcndelt ab sofort seine drei H\u00e4user auf einer einzigen Plattform: den <strong>Camping Barataud<\/strong>, die <strong>R\u00e9sidence Les Aliz\u00e9s<\/strong> und den <strong>Campingplatz Phare Ouest<\/strong>. Die neue Website wurde entwickelt, um die Angebote der Gruppe \u00fcbersichtlich zu pr\u00e4sentieren und die Suche nach der passenden Unterkunft zu erleichtern. So k\u00f6nnen Sie und andere Urlaubsg\u00e4ste die verschiedenen <strong>Unterk\u00fcnfte in Saint-Denis-d\u2019Ol\u00e9ron<\/strong> ganz einfach vergleichen. An einem einzigen Ort finden Sie alle wichtigen Informationen, um Ihre <strong>Ferien auf der \u00cele d\u2019Ol\u00e9ron<\/strong> bequem zu planen. Finden Sie die Unterkunft, die Ihren W\u00fcnschen entspricht, und informieren Sie sich schnell \u00fcber alles, was Sie f\u00fcr die Organisation Ihres Aufenthalts wissen m\u00fcssen. Entdecken Sie die Campingpl\u00e4tze und die Residenz von <strong>\u00c9meraude Vacances in Saint-Denis-d\u2019Ol\u00e9ron<\/strong>.<\/p>\t\t\t\t\t\t\t\t<\/div>\n\t\t\t\t<\/div>\n\t\t\t\t\t<\/div>\n\t\t\t\t<\/div>\n\t\t<div class=\"elementor-element elementor-element-697ca6c e-flex e-con-boxed e-con e-parent\" data-id=\"697ca6c\" data-element_type=\"container\">\n\t\t\t\t\t<div class=\"e-con-inner\">\n\t\t<div class=\"elementor-element elementor-element-b30ba04 e-con-full e-flex e-con e-child\" data-id=\"b30ba04\" data-element_type=\"container\">\n\t\t\t\t<div class=\"elementor-element elementor-element-6136ccd elementor-widget__width-initial elementor-widget elementor-widget-image\" data-id=\"6136ccd\" data-element_type=\"widget\" data-widget_type=\"image.default\">\n\t\t\t\t<div class=\"elementor-widget-container\">\n\t\t\t\t\t\t\t\t\t\t\t\t\t\t\t<img fetchpriority=\"high\" decoding=\"async\" width=\"930\" height=\"430\" src=\"https:\/\/www.emeraude-vacances.com\/wp-content\/uploads\/camping-sur-ile-d-oleron-grande-piscine.jpg\" class=\"attachment-full size-full wp-image-1602\" alt=\"Campingplatz in Saint-Denis-d\u2019Ol\u00e9ron\" srcset=\"https:\/\/www.emeraude-vacances.com\/wp-content\/uploads\/camping-sur-ile-d-oleron-grande-piscine.jpg 930w, https:\/\/www.emeraude-vacances.com\/wp-content\/uploads\/camping-sur-ile-d-oleron-grande-piscine-300x139.jpg 300w, https:\/\/www.emeraude-vacances.com\/wp-content\/uploads\/camping-sur-ile-d-oleron-grande-piscine-768x355.jpg 768w, https:\/\/www.emeraude-vacances.com\/wp-content\/uploads\/camping-sur-ile-d-oleron-grande-piscine-18x8.jpg 18w\" sizes=\"(max-width: 930px) 100vw, 930px\" \/>\t\t\t\t\t\t\t\t\t\t\t\t\t\t\t<\/div>\n\t\t\t\t<\/div>\n\t\t\t\t<\/div>\n\t\t<div class=\"elementor-element elementor-element-c580a63 e-con-full e-flex e-con e-child\" data-id=\"c580a63\" data-element_type=\"container\">\n\t\t\t\t<div class=\"elementor-element elementor-element-af31292 elementor-widget elementor-widget-heading\" data-id=\"af31292\" data-element_type=\"widget\" data-widget_type=\"heading.default\">\n\t\t\t\t<div class=\"elementor-widget-container\">\n\t\t\t\t\t<h2 class=\"elementor-heading-title elementor-size-default translation-block\">Camping Barataud:<br>Familienurlaub in Saint-Denis-d\u2019Ol\u00e9ron<\/h2>\t\t\t\t<\/div>\n\t\t\t\t<\/div>\n\t\t\t\t<div class=\"elementor-element elementor-element-ba2e816 elementor-hidden-tablet elementor-widget elementor-widget-spacer\" data-id=\"ba2e816\" data-element_type=\"widget\" data-widget_type=\"spacer.default\">\n\t\t\t\t<div class=\"elementor-widget-container\">\n\t\t\t\t\t\t\t<div class=\"elementor-spacer\">\n\t\t\t<div class=\"elementor-spacer-inner\"><\/div>\n\t\t<\/div>\n\t\t\t\t\t\t<\/div>\n\t\t\t\t<\/div>\n\t\t\t\t<div class=\"elementor-element elementor-element-aa078b7 elementor-widget elementor-widget-text-editor\" data-id=\"aa078b7\" data-element_type=\"widget\" data-widget_type=\"text-editor.default\">\n\t\t\t\t<div class=\"elementor-widget-container\">\n\t\t\t\t\t\t\t\t\t<p class=\"translation-block\">Der <strong>Camping Barataud<\/strong> ist ideal f\u00fcr Urlauber, die einen <strong>entspannten Aufenthalt in ruhiger Umgebung<\/strong> suchen. Die angenehme Lage und die <strong>N\u00e4he zur K\u00fcste<\/strong> machen ihn zu einem beliebten Ort, um die <strong>frische Meeresluft<\/strong> und die authentische Atmosph\u00e4re der <strong>\u00cele d\u2019Ol\u00e9ron<\/strong> zu genie\u00dfen. Damit ist er die perfekte Wahl f\u00fcr alle, die einen <strong>Campingurlaub in Saint-Denis-d\u2019Ol\u00e9ron<\/strong> in famili\u00e4rer, unkomplizierter und naturnaher Atmosph\u00e4re verbringen m\u00f6chten.<\/p>\t\t\t\t\t\t\t\t<\/div>\n\t\t\t\t<\/div>\n\t\t\t\t<div class=\"elementor-element elementor-element-750eae8 elementor-align-center elementor-tablet-align-left elementor-mobile-align-center elementor-widget elementor-widget-button\" data-id=\"750eae8\" data-element_type=\"widget\" data-widget_type=\"button.default\">\n\t\t\t\t<div class=\"elementor-widget-container\">\n\t\t\t\t\t\t\t\t\t<div class=\"elementor-button-wrapper\">\n\t\t\t\t\t<a class=\"elementor-button elementor-button-link elementor-size-sm elementor-animation-grow\" href=\"https:\/\/www.emeraude-vacances.com\/de\/campingplatz-barataud\/\">\n\t\t\t\t\t\t<span class=\"elementor-button-content-wrapper\">\n\t\t\t\t\t\t\t\t\t<span class=\"elementor-button-text\">Campingplatz mit Pools entdecken<\/span>\n\t\t\t\t\t<\/span>\n\t\t\t\t\t<\/a>\n\t\t\t\t<\/div>\n\t\t\t\t\t\t\t\t<\/div>\n\t\t\t\t<\/div>\n\t\t\t\t<div class=\"elementor-element elementor-element-0c85068 elementor-hidden-tablet elementor-hidden-mobile elementor-widget elementor-widget-spacer\" data-id=\"0c85068\" data-element_type=\"widget\" data-widget_type=\"spacer.default\">\n\t\t\t\t<div class=\"elementor-widget-container\">\n\t\t\t\t\t\t\t<div class=\"elementor-spacer\">\n\t\t\t<div class=\"elementor-spacer-inner\"><\/div>\n\t\t<\/div>\n\t\t\t\t\t\t<\/div>\n\t\t\t\t<\/div>\n\t\t\t\t<\/div>\n\t\t\t\t\t<\/div>\n\t\t\t\t<\/div>\n\t\t<div class=\"elementor-element elementor-element-f482a13 e-flex e-con-boxed e-con e-parent\" data-id=\"f482a13\" data-element_type=\"container\">\n\t\t\t\t\t<div class=\"e-con-inner\">\n\t\t<div class=\"elementor-element elementor-element-1963c0c e-con-full e-flex e-con e-child\" data-id=\"1963c0c\" data-element_type=\"container\">\n\t\t\t\t<div class=\"elementor-element elementor-element-9b05fe6 elementor-widget elementor-widget-heading\" data-id=\"9b05fe6\" data-element_type=\"widget\" data-widget_type=\"heading.default\">\n\t\t\t\t<div class=\"elementor-widget-container\">\n\t\t\t\t\t<h2 class=\"elementor-heading-title elementor-size-default translation-block\">R\u00e9sidence Les Aliz\u00e9s:<br>Komfortable Ferienunterk\u00fcnfte auf Ol\u00e9ron<\/h2>\t\t\t\t<\/div>\n\t\t\t\t<\/div>\n\t\t\t\t<div class=\"elementor-element elementor-element-ddd23fa elementor-hidden-tablet elementor-widget elementor-widget-spacer\" data-id=\"ddd23fa\" data-element_type=\"widget\" data-widget_type=\"spacer.default\">\n\t\t\t\t<div class=\"elementor-widget-container\">\n\t\t\t\t\t\t\t<div class=\"elementor-spacer\">\n\t\t\t<div class=\"elementor-spacer-inner\"><\/div>\n\t\t<\/div>\n\t\t\t\t\t\t<\/div>\n\t\t\t\t<\/div>\n\t\t\t\t<div class=\"elementor-element elementor-element-462a28f elementor-widget elementor-widget-text-editor\" data-id=\"462a28f\" data-element_type=\"widget\" data-widget_type=\"text-editor.default\">\n\t\t\t\t<div class=\"elementor-widget-container\">\n\t\t\t\t\t\t\t\t\t<p class=\"translation-block\">Die <strong>R\u00e9sidence Les Aliz\u00e9s<\/strong> ist die perfekte Adresse f\u00fcr Urlaubsg\u00e4ste, die Komfort, Unabh\u00e4ngigkeit und Ruhe miteinander verbinden m\u00f6chten. Mit ihren Unterk\u00fcnften f\u00fcr verschiedene Bed\u00fcrfnisse ist sie eine hervorragende Wahl f\u00fcr einen <strong>Aufenthalt in einer Ferienresidenz in Saint-Denis-d\u2019Ol\u00e9ron<\/strong>. Ob <strong>Paare<\/strong>, <strong>Familien<\/strong> oder <strong>kleine Gruppen<\/strong> \u2013 hier findet jeder den passenden Rahmen, um die N\u00e4he zum Meer in einem angenehmen und funktionalen Umfeld zu genie\u00dfen.<\/p>\t\t\t\t\t\t\t\t<\/div>\n\t\t\t\t<\/div>\n\t\t\t\t<div class=\"elementor-element elementor-element-a73eff5 elementor-align-center elementor-tablet-align-left elementor-mobile-align-center elementor-widget elementor-widget-button\" data-id=\"a73eff5\" data-element_type=\"widget\" data-widget_type=\"button.default\">\n\t\t\t\t<div class=\"elementor-widget-container\">\n\t\t\t\t\t\t\t\t\t<div class=\"elementor-button-wrapper\">\n\t\t\t\t\t<a class=\"elementor-button elementor-button-link elementor-size-sm elementor-animation-grow\" href=\"https:\/\/www.emeraude-vacances.com\/de\/ferienresidenz-les-alizes\/\">\n\t\t\t\t\t\t<span class=\"elementor-button-content-wrapper\">\n\t\t\t\t\t\t\t\t\t<span class=\"elementor-button-text\">Residenz mit Pools entdecken<\/span>\n\t\t\t\t\t<\/span>\n\t\t\t\t\t<\/a>\n\t\t\t\t<\/div>\n\t\t\t\t\t\t\t\t<\/div>\n\t\t\t\t<\/div>\n\t\t\t\t<div class=\"elementor-element elementor-element-42fa0c2 elementor-hidden-tablet elementor-hidden-mobile elementor-widget elementor-widget-spacer\" data-id=\"42fa0c2\" data-element_type=\"widget\" data-widget_type=\"spacer.default\">\n\t\t\t\t<div class=\"elementor-widget-container\">\n\t\t\t\t\t\t\t<div class=\"elementor-spacer\">\n\t\t\t<div class=\"elementor-spacer-inner\"><\/div>\n\t\t<\/div>\n\t\t\t\t\t\t<\/div>\n\t\t\t\t<\/div>\n\t\t\t\t<\/div>\n\t\t<div class=\"elementor-element elementor-element-1d0ba37 e-con-full e-flex e-con e-child\" data-id=\"1d0ba37\" data-element_type=\"container\">\n\t\t\t\t<div class=\"elementor-element elementor-element-93238ee elementor-widget__width-initial elementor-widget elementor-widget-image\" data-id=\"93238ee\" data-element_type=\"widget\" data-widget_type=\"image.default\">\n\t\t\t\t<div class=\"elementor-widget-container\">\n\t\t\t\t\t\t\t\t\t\t\t\t\t\t\t<img decoding=\"async\" width=\"2560\" height=\"1700\" src=\"https:\/\/www.emeraude-vacances.com\/wp-content\/uploads\/photo-fleurie.JPG-scaled.webp\" class=\"attachment-full size-full wp-image-824\" alt=\"die Ferienresidenz Les Aliz\u00e9s\" srcset=\"https:\/\/www.emeraude-vacances.com\/wp-content\/uploads\/photo-fleurie.JPG-scaled.webp 2560w, https:\/\/www.emeraude-vacances.com\/wp-content\/uploads\/photo-fleurie.JPG-300x199.webp 300w, https:\/\/www.emeraude-vacances.com\/wp-content\/uploads\/photo-fleurie.JPG-1024x680.webp 1024w, https:\/\/www.emeraude-vacances.com\/wp-content\/uploads\/photo-fleurie.JPG-768x510.webp 768w, https:\/\/www.emeraude-vacances.com\/wp-content\/uploads\/photo-fleurie.JPG-1536x1020.webp 1536w, https:\/\/www.emeraude-vacances.com\/wp-content\/uploads\/photo-fleurie.JPG-2048x1360.webp 2048w, https:\/\/www.emeraude-vacances.com\/wp-content\/uploads\/photo-fleurie.JPG-18x12.webp 18w\" sizes=\"(max-width: 2560px) 100vw, 2560px\" \/>\t\t\t\t\t\t\t\t\t\t\t\t\t\t\t<\/div>\n\t\t\t\t<\/div>\n\t\t\t\t<\/div>\n\t\t\t\t\t<\/div>\n\t\t\t\t<\/div>\n\t\t<div class=\"elementor-element elementor-element-d33a1f9 e-flex e-con-boxed e-con e-parent\" data-id=\"d33a1f9\" data-element_type=\"container\">\n\t\t\t\t\t<div class=\"e-con-inner\">\n\t\t<div class=\"elementor-element elementor-element-c2527c7 e-con-full e-flex e-con e-child\" data-id=\"c2527c7\" data-element_type=\"container\">\n\t\t\t\t<div class=\"elementor-element elementor-element-a027496 elementor-widget__width-initial elementor-widget elementor-widget-image\" data-id=\"a027496\" data-element_type=\"widget\" data-widget_type=\"image.default\">\n\t\t\t\t<div class=\"elementor-widget-container\">\n\t\t\t\t\t\t\t\t\t\t\t\t\t\t\t<img decoding=\"async\" width=\"930\" height=\"430\" src=\"https:\/\/www.emeraude-vacances.com\/wp-content\/uploads\/location-mobil-home-ile-oleron-modele-7.jpg\" class=\"attachment-full size-full wp-image-1604\" alt=\"Campingplatz in Saint-Denis-d\u2019Ol\u00e9ron\" srcset=\"https:\/\/www.emeraude-vacances.com\/wp-content\/uploads\/location-mobil-home-ile-oleron-modele-7.jpg 930w, https:\/\/www.emeraude-vacances.com\/wp-content\/uploads\/location-mobil-home-ile-oleron-modele-7-300x139.jpg 300w, https:\/\/www.emeraude-vacances.com\/wp-content\/uploads\/location-mobil-home-ile-oleron-modele-7-768x355.jpg 768w, https:\/\/www.emeraude-vacances.com\/wp-content\/uploads\/location-mobil-home-ile-oleron-modele-7-18x8.jpg 18w\" sizes=\"(max-width: 930px) 100vw, 930px\" \/>\t\t\t\t\t\t\t\t\t\t\t\t\t\t\t<\/div>\n\t\t\t\t<\/div>\n\t\t\t\t<\/div>\n\t\t<div class=\"elementor-element elementor-element-228ef71 e-con-full e-flex e-con e-child\" data-id=\"228ef71\" data-element_type=\"container\">\n\t\t\t\t<div class=\"elementor-element elementor-element-796422b elementor-widget elementor-widget-heading\" data-id=\"796422b\" data-element_type=\"widget\" data-widget_type=\"heading.default\">\n\t\t\t\t<div class=\"elementor-widget-container\">\n\t\t\t\t\t<h2 class=\"elementor-heading-title elementor-size-default translation-block\">Camping Phare Ouest:<br>Naturcampingplatz in Strandn\u00e4he<\/h2>\t\t\t\t<\/div>\n\t\t\t\t<\/div>\n\t\t\t\t<div class=\"elementor-element elementor-element-c3d6cfc elementor-hidden-tablet elementor-widget elementor-widget-spacer\" data-id=\"c3d6cfc\" data-element_type=\"widget\" data-widget_type=\"spacer.default\">\n\t\t\t\t<div class=\"elementor-widget-container\">\n\t\t\t\t\t\t\t<div class=\"elementor-spacer\">\n\t\t\t<div class=\"elementor-spacer-inner\"><\/div>\n\t\t<\/div>\n\t\t\t\t\t\t<\/div>\n\t\t\t\t<\/div>\n\t\t\t\t<div class=\"elementor-element elementor-element-693ed69 elementor-widget elementor-widget-text-editor\" data-id=\"693ed69\" data-element_type=\"widget\" data-widget_type=\"text-editor.default\">\n\t\t\t\t<div class=\"elementor-widget-container\">\n\t\t\t\t\t\t\t\t\t<p class=\"translation-block\">Der <strong>Camping Phare Ouest<\/strong> erg\u00e4nzt dieses Angebot mit einer Atmosph\u00e4re, die zum Entspannen und Abschalten einl\u00e4dt. Dank seiner g\u00fcnstigen Lage ist er der ideale Ausgangspunkt, um die Landschaften im Norden der Insel zu entdecken und den Ozean, die Str\u00e4nde sowie das typische Flair von <strong>Saint-Denis-d\u2019Ol\u00e9ron<\/strong> in vollen Z\u00fcgen zu genie\u00dfen. Damit ist er die perfekte Adresse f\u00fcr einen <strong>Familienurlaub auf der \u00cele d\u2019Ol\u00e9ron<\/strong> in ruhiger und erholsamer Umgebung.<\/p>\t\t\t\t\t\t\t\t<\/div>\n\t\t\t\t<\/div>\n\t\t\t\t<div class=\"elementor-element elementor-element-157f9eb elementor-align-center elementor-tablet-align-left elementor-mobile-align-center elementor-widget elementor-widget-button\" data-id=\"157f9eb\" data-element_type=\"widget\" data-widget_type=\"button.default\">\n\t\t\t\t<div class=\"elementor-widget-container\">\n\t\t\t\t\t\t\t\t\t<div class=\"elementor-button-wrapper\">\n\t\t\t\t\t<a class=\"elementor-button elementor-button-link elementor-size-sm elementor-animation-grow\" href=\"https:\/\/www.emeraude-vacances.com\/de\/campingplatz-phare-ouest\/\">\n\t\t\t\t\t\t<span class=\"elementor-button-content-wrapper\">\n\t\t\t\t\t\t\t\t\t<span class=\"elementor-button-text\">Campingplatz und seine Stellpl\u00e4tze entdecken<\/span>\n\t\t\t\t\t<\/span>\n\t\t\t\t\t<\/a>\n\t\t\t\t<\/div>\n\t\t\t\t\t\t\t\t<\/div>\n\t\t\t\t<\/div>\n\t\t\t\t<div class=\"elementor-element elementor-element-0c082d4 elementor-hidden-tablet elementor-hidden-mobile elementor-widget elementor-widget-spacer\" data-id=\"0c082d4\" data-element_type=\"widget\" data-widget_type=\"spacer.default\">\n\t\t\t\t<div class=\"elementor-widget-container\">\n\t\t\t\t\t\t\t<div class=\"elementor-spacer\">\n\t\t\t<div class=\"elementor-spacer-inner\"><\/div>\n\t\t<\/div>\n\t\t\t\t\t\t<\/div>\n\t\t\t\t<\/div>\n\t\t\t\t<\/div>\n\t\t\t\t\t<\/div>\n\t\t\t\t<\/div>\n\t\t<div class=\"elementor-element elementor-element-4ddd7b1 e-flex e-con-boxed e-con e-parent\" data-id=\"4ddd7b1\" data-element_type=\"container\" data-settings=\"{&quot;background_background&quot;:&quot;classic&quot;,&quot;shape_divider_top&quot;:&quot;wave-brush&quot;,&quot;shape_divider_bottom&quot;:&quot;wave-brush&quot;}\">\n\t\t\t\t\t<div class=\"e-con-inner\">\n\t\t\t\t<div class=\"elementor-shape elementor-shape-top\" aria-hidden=\"true\" data-negative=\"false\">\n\t\t\t<svg xmlns=\"http:\/\/www.w3.org\/2000\/svg\" viewbox=\"0 0 283.5 27.8\" preserveaspectratio=\"none\">\n\t<path class=\"elementor-shape-fill\" d=\"M283.5,9.7c0,0-7.3,4.3-14,4.6c-6.8,0.3-12.6,0-20.9-1.5c-11.3-2-33.1-10.1-44.7-5.7\ts-12.1,4.6-18,7.4c-6.6,3.2-20,9.6-36.6,9.3C131.6,23.5,99.5,7.2,86.3,8c-1.4,0.1-6.6,0.8-10.5,2c-3.8,1.2-9.4,3.8-17,4.7\tc-3.2,0.4-8.3,1.1-14.2,0.9c-1.5-0.1-6.3-0.4-12-1.6c-5.7-1.2-11-3.1-15.8-3.7C6.5,9.2,0,10.8,0,10.8V0h283.5V9.7z M260.8,11.3\tc-0.7-1-2-0.4-4.3-0.4c-2.3,0-6.1-1.2-5.8-1.1c0.3,0.1,3.1,1.5,6,1.9C259.7,12.2,261.4,12.3,260.8,11.3z M242.4,8.6\tc0,0-2.4-0.2-5.6-0.9c-3.2-0.8-10.3-2.8-15.1-3.5c-8.2-1.1-15.8,0-15.1,0.1c0.8,0.1,9.6-0.6,17.6,1.1c3.3,0.7,9.3,2.2,12.4,2.7\tC239.9,8.7,242.4,8.6,242.4,8.6z M185.2,8.5c1.7-0.7-13.3,4.7-18.5,6.1c-2.1,0.6-6.2,1.6-10,2c-3.9,0.4-8.9,0.4-8.8,0.5\tc0,0.2,5.8,0.8,11.2,0c5.4-0.8,5.2-1.1,7.6-1.6C170.5,14.7,183.5,9.2,185.2,8.5z M199.1,6.9c0.2,0-0.8-0.4-4.8,1.1\tc-4,1.5-6.7,3.5-6.9,3.7c-0.2,0.1,3.5-1.8,6.6-3C197,7.5,199,6.9,199.1,6.9z M283,6c-0.1,0.1-1.9,1.1-4.8,2.5s-6.9,2.8-6.7,2.7\tc0.2,0,3.5-0.6,7.4-2.5C282.8,6.8,283.1,5.9,283,6z M31.3,11.6c0.1-0.2-1.9-0.2-4.5-1.2s-5.4-1.6-7.8-2C15,7.6,7.3,8.5,7.7,8.6\tC8,8.7,15.9,8.3,20.2,9.3c2.2,0.5,2.4,0.5,5.7,1.6S31.2,11.9,31.3,11.6z M73,9.2c0.4-0.1,3.5-1.6,8.4-2.6c4.9-1.1,8.9-0.5,8.9-0.8\tc0-0.3-1-0.9-6.2-0.3S72.6,9.3,73,9.2z M71.6,6.7C71.8,6.8,75,5.4,77.3,5c2.3-0.3,1.9-0.5,1.9-0.6c0-0.1-1.1-0.2-2.7,0.2\tC74.8,5.1,71.4,6.6,71.6,6.7z M93.6,4.4c0.1,0.2,3.5,0.8,5.6,1.8c2.1,1,1.8,0.6,1.9,0.5c0.1-0.1-0.8-0.8-2.4-1.3\tC97.1,4.8,93.5,4.2,93.6,4.4z M65.4,11.1c-0.1,0.3,0.3,0.5,1.9-0.2s2.6-1.3,2.2-1.2s-0.9,0.4-2.5,0.8C65.3,10.9,65.5,10.8,65.4,11.1\tz M34.5,12.4c-0.2,0,2.1,0.8,3.3,0.9c1.2,0.1,2,0.1,2-0.2c0-0.3-0.1-0.5-1.6-0.4C36.6,12.8,34.7,12.4,34.5,12.4z M152.2,21.1\tc-0.1,0.1-2.4-0.3-7.5-0.3c-5,0-13.6-2.4-17.2-3.5c-3.6-1.1,10,3.9,16.5,4.1C150.5,21.6,152.3,21,152.2,21.1z\"\/>\n\t<path class=\"elementor-shape-fill\" d=\"M269.6,18c-0.1-0.1-4.6,0.3-7.2,0c-7.3-0.7-17-3.2-16.6-2.9c0.4,0.3,13.7,3.1,17,3.3\tC267.7,18.8,269.7,18,269.6,18z\"\/>\n\t<path class=\"elementor-shape-fill\" d=\"M227.4,9.8c-0.2-0.1-4.5-1-9.5-1.2c-5-0.2-12.7,0.6-12.3,0.5c0.3-0.1,5.9-1.8,13.3-1.2\tS227.6,9.9,227.4,9.8z\"\/>\n\t<path class=\"elementor-shape-fill\" d=\"M204.5,13.4c-0.1-0.1,2-1,3.2-1.1c1.2-0.1,2,0,2,0.3c0,0.3-0.1,0.5-1.6,0.4\tC206.4,12.9,204.6,13.5,204.5,13.4z\"\/>\n\t<path class=\"elementor-shape-fill\" d=\"M201,10.6c0-0.1-4.4,1.2-6.3,2.2c-1.9,0.9-6.2,3.1-6.1,3.1c0.1,0.1,4.2-1.6,6.3-2.6\tS201,10.7,201,10.6z\"\/>\n\t<path class=\"elementor-shape-fill\" d=\"M154.5,26.7c-0.1-0.1-4.6,0.3-7.2,0c-7.3-0.7-17-3.2-16.6-2.9c0.4,0.3,13.7,3.1,17,3.3\tC152.6,27.5,154.6,26.8,154.5,26.7z\"\/>\n\t<path class=\"elementor-shape-fill\" d=\"M41.9,19.3c0,0,1.2-0.3,2.9-0.1c1.7,0.2,5.8,0.9,8.2,0.7c4.2-0.4,7.4-2.7,7-2.6\tc-0.4,0-4.3,2.2-8.6,1.9c-1.8-0.1-5.1-0.5-6.7-0.4S41.9,19.3,41.9,19.3z\"\/>\n\t<path class=\"elementor-shape-fill\" d=\"M75.5,12.6c0.2,0.1,2-0.8,4.3-1.1c2.3-0.2,2.1-0.3,2.1-0.5c0-0.1-1.8-0.4-3.4,0\tC76.9,11.5,75.3,12.5,75.5,12.6z\"\/>\n\t<path class=\"elementor-shape-fill\" d=\"M15.6,13.2c0-0.1,4.3,0,6.7,0.5c2.4,0.5,5,1.9,5,2c0,0.1-2.7-0.8-5.1-1.4\tC19.9,13.7,15.7,13.3,15.6,13.2z\"\/>\n<\/svg>\t\t<\/div>\n\t\t\t\t<div class=\"elementor-shape elementor-shape-bottom\" aria-hidden=\"true\" data-negative=\"false\">\n\t\t\t<svg xmlns=\"http:\/\/www.w3.org\/2000\/svg\" viewbox=\"0 0 283.5 27.8\" preserveaspectratio=\"none\">\n\t<path class=\"elementor-shape-fill\" d=\"M283.5,9.7c0,0-7.3,4.3-14,4.6c-6.8,0.3-12.6,0-20.9-1.5c-11.3-2-33.1-10.1-44.7-5.7\ts-12.1,4.6-18,7.4c-6.6,3.2-20,9.6-36.6,9.3C131.6,23.5,99.5,7.2,86.3,8c-1.4,0.1-6.6,0.8-10.5,2c-3.8,1.2-9.4,3.8-17,4.7\tc-3.2,0.4-8.3,1.1-14.2,0.9c-1.5-0.1-6.3-0.4-12-1.6c-5.7-1.2-11-3.1-15.8-3.7C6.5,9.2,0,10.8,0,10.8V0h283.5V9.7z M260.8,11.3\tc-0.7-1-2-0.4-4.3-0.4c-2.3,0-6.1-1.2-5.8-1.1c0.3,0.1,3.1,1.5,6,1.9C259.7,12.2,261.4,12.3,260.8,11.3z M242.4,8.6\tc0,0-2.4-0.2-5.6-0.9c-3.2-0.8-10.3-2.8-15.1-3.5c-8.2-1.1-15.8,0-15.1,0.1c0.8,0.1,9.6-0.6,17.6,1.1c3.3,0.7,9.3,2.2,12.4,2.7\tC239.9,8.7,242.4,8.6,242.4,8.6z M185.2,8.5c1.7-0.7-13.3,4.7-18.5,6.1c-2.1,0.6-6.2,1.6-10,2c-3.9,0.4-8.9,0.4-8.8,0.5\tc0,0.2,5.8,0.8,11.2,0c5.4-0.8,5.2-1.1,7.6-1.6C170.5,14.7,183.5,9.2,185.2,8.5z M199.1,6.9c0.2,0-0.8-0.4-4.8,1.1\tc-4,1.5-6.7,3.5-6.9,3.7c-0.2,0.1,3.5-1.8,6.6-3C197,7.5,199,6.9,199.1,6.9z M283,6c-0.1,0.1-1.9,1.1-4.8,2.5s-6.9,2.8-6.7,2.7\tc0.2,0,3.5-0.6,7.4-2.5C282.8,6.8,283.1,5.9,283,6z M31.3,11.6c0.1-0.2-1.9-0.2-4.5-1.2s-5.4-1.6-7.8-2C15,7.6,7.3,8.5,7.7,8.6\tC8,8.7,15.9,8.3,20.2,9.3c2.2,0.5,2.4,0.5,5.7,1.6S31.2,11.9,31.3,11.6z M73,9.2c0.4-0.1,3.5-1.6,8.4-2.6c4.9-1.1,8.9-0.5,8.9-0.8\tc0-0.3-1-0.9-6.2-0.3S72.6,9.3,73,9.2z M71.6,6.7C71.8,6.8,75,5.4,77.3,5c2.3-0.3,1.9-0.5,1.9-0.6c0-0.1-1.1-0.2-2.7,0.2\tC74.8,5.1,71.4,6.6,71.6,6.7z M93.6,4.4c0.1,0.2,3.5,0.8,5.6,1.8c2.1,1,1.8,0.6,1.9,0.5c0.1-0.1-0.8-0.8-2.4-1.3\tC97.1,4.8,93.5,4.2,93.6,4.4z M65.4,11.1c-0.1,0.3,0.3,0.5,1.9-0.2s2.6-1.3,2.2-1.2s-0.9,0.4-2.5,0.8C65.3,10.9,65.5,10.8,65.4,11.1\tz M34.5,12.4c-0.2,0,2.1,0.8,3.3,0.9c1.2,0.1,2,0.1,2-0.2c0-0.3-0.1-0.5-1.6-0.4C36.6,12.8,34.7,12.4,34.5,12.4z M152.2,21.1\tc-0.1,0.1-2.4-0.3-7.5-0.3c-5,0-13.6-2.4-17.2-3.5c-3.6-1.1,10,3.9,16.5,4.1C150.5,21.6,152.3,21,152.2,21.1z\"\/>\n\t<path class=\"elementor-shape-fill\" d=\"M269.6,18c-0.1-0.1-4.6,0.3-7.2,0c-7.3-0.7-17-3.2-16.6-2.9c0.4,0.3,13.7,3.1,17,3.3\tC267.7,18.8,269.7,18,269.6,18z\"\/>\n\t<path class=\"elementor-shape-fill\" d=\"M227.4,9.8c-0.2-0.1-4.5-1-9.5-1.2c-5-0.2-12.7,0.6-12.3,0.5c0.3-0.1,5.9-1.8,13.3-1.2\tS227.6,9.9,227.4,9.8z\"\/>\n\t<path class=\"elementor-shape-fill\" d=\"M204.5,13.4c-0.1-0.1,2-1,3.2-1.1c1.2-0.1,2,0,2,0.3c0,0.3-0.1,0.5-1.6,0.4\tC206.4,12.9,204.6,13.5,204.5,13.4z\"\/>\n\t<path class=\"elementor-shape-fill\" d=\"M201,10.6c0-0.1-4.4,1.2-6.3,2.2c-1.9,0.9-6.2,3.1-6.1,3.1c0.1,0.1,4.2-1.6,6.3-2.6\tS201,10.7,201,10.6z\"\/>\n\t<path class=\"elementor-shape-fill\" d=\"M154.5,26.7c-0.1-0.1-4.6,0.3-7.2,0c-7.3-0.7-17-3.2-16.6-2.9c0.4,0.3,13.7,3.1,17,3.3\tC152.6,27.5,154.6,26.8,154.5,26.7z\"\/>\n\t<path class=\"elementor-shape-fill\" d=\"M41.9,19.3c0,0,1.2-0.3,2.9-0.1c1.7,0.2,5.8,0.9,8.2,0.7c4.2-0.4,7.4-2.7,7-2.6\tc-0.4,0-4.3,2.2-8.6,1.9c-1.8-0.1-5.1-0.5-6.7-0.4S41.9,19.3,41.9,19.3z\"\/>\n\t<path class=\"elementor-shape-fill\" d=\"M75.5,12.6c0.2,0.1,2-0.8,4.3-1.1c2.3-0.2,2.1-0.3,2.1-0.5c0-0.1-1.8-0.4-3.4,0\tC76.9,11.5,75.3,12.5,75.5,12.6z\"\/>\n\t<path class=\"elementor-shape-fill\" d=\"M15.6,13.2c0-0.1,4.3,0,6.7,0.5c2.4,0.5,5,1.9,5,2c0,0.1-2.7-0.8-5.1-1.4\tC19.9,13.7,15.7,13.3,15.6,13.2z\"\/>\n<\/svg>\t\t<\/div>\n\t\t\t\t<div class=\"elementor-element elementor-element-8f1b1da elementor-widget elementor-widget-spacer\" data-id=\"8f1b1da\" data-element_type=\"widget\" data-widget_type=\"spacer.default\">\n\t\t\t\t<div class=\"elementor-widget-container\">\n\t\t\t\t\t\t\t<div class=\"elementor-spacer\">\n\t\t\t<div class=\"elementor-spacer-inner\"><\/div>\n\t\t<\/div>\n\t\t\t\t\t\t<\/div>\n\t\t\t\t<\/div>\n\t\t\t\t<div class=\"elementor-element elementor-element-b6cfafe elementor-widget elementor-widget-spacer\" data-id=\"b6cfafe\" data-element_type=\"widget\" data-widget_type=\"spacer.default\">\n\t\t\t\t<div class=\"elementor-widget-container\">\n\t\t\t\t\t\t\t<div class=\"elementor-spacer\">\n\t\t\t<div class=\"elementor-spacer-inner\"><\/div>\n\t\t<\/div>\n\t\t\t\t\t\t<\/div>\n\t\t\t\t<\/div>\n\t\t\t\t<div class=\"elementor-element elementor-element-5df088c elementor-widget elementor-widget-heading\" data-id=\"5df088c\" data-element_type=\"widget\" data-widget_type=\"heading.default\">\n\t\t\t\t<div class=\"elementor-widget-container\">\n\t\t\t\t\t<h2 class=\"elementor-heading-title elementor-size-default\">Eine neue Website f\u00fcr die Entdeckung der drei \u00c9meraude-Vacances-Standorte<\/h2>\t\t\t\t<\/div>\n\t\t\t\t<\/div>\n\t\t\t\t<div class=\"elementor-element elementor-element-ad1284c elementor-widget elementor-widget-spacer\" data-id=\"ad1284c\" data-element_type=\"widget\" data-widget_type=\"spacer.default\">\n\t\t\t\t<div class=\"elementor-widget-container\">\n\t\t\t\t\t\t\t<div class=\"elementor-spacer\">\n\t\t\t<div class=\"elementor-spacer-inner\"><\/div>\n\t\t<\/div>\n\t\t\t\t\t\t<\/div>\n\t\t\t\t<\/div>\n\t\t\t\t<div class=\"elementor-element elementor-element-2693f3b elementor-widget elementor-widget-spacer\" data-id=\"2693f3b\" data-element_type=\"widget\" data-widget_type=\"spacer.default\">\n\t\t\t\t<div class=\"elementor-widget-container\">\n\t\t\t\t\t\t\t<div class=\"elementor-spacer\">\n\t\t\t<div class=\"elementor-spacer-inner\"><\/div>\n\t\t<\/div>\n\t\t\t\t\t\t<\/div>\n\t\t\t\t<\/div>\n\t\t\t\t\t<\/div>\n\t\t\t\t<\/div>\n\t\t<div class=\"elementor-element elementor-element-dd4a16b e-flex e-con-boxed e-con e-parent\" data-id=\"dd4a16b\" data-element_type=\"container\">\n\t\t\t\t\t<div class=\"e-con-inner\">\n\t\t\t\t<div class=\"elementor-element elementor-element-7eb7c4c elementor-widget elementor-widget-text-editor\" data-id=\"7eb7c4c\" data-element_type=\"widget\" data-widget_type=\"text-editor.default\">\n\t\t\t\t<div class=\"elementor-widget-container\">\n\t\t\t\t\t\t\t\t\t<p class=\"translation-block\">Mit der neuen Website von <strong>\u00c9meraude Vacances<\/strong> geh\u00f6ren die bisherigen Internetauftritte der Vergangenheit an und machen Platz f\u00fcr eine zentrale, \u00fcbersichtliche und benutzerfreundliche Plattform. Besucher k\u00f6nnen nun mit wenigen Klicks die Vorteile des <strong>Camping Barataud<\/strong>, der <strong>R\u00e9sidence Les Aliz\u00e9s<\/strong> und des <strong>Camping Phare Ouest<\/strong> entdecken. Vergleichen Sie jetzt die verschiedenen <strong>Unterk\u00fcnfte in Saint-Denis-d\u2019Ol\u00e9ron<\/strong> und finden Sie noch leichter das Angebot, das zu Ihnen passt. So wird die Planung Ihres n\u00e4chsten <strong>Urlaubs auf Ol\u00e9ron<\/strong> noch einfacher und angenehmer.<\/p>\t\t\t\t\t\t\t\t<\/div>\n\t\t\t\t<\/div>\n\t\t\t\t\t<\/div>\n\t\t\t\t<\/div>\n\t\t<div class=\"elementor-element elementor-element-7bd9b80 e-con-full e-flex e-con e-parent\" data-id=\"7bd9b80\" data-element_type=\"container\">\n\t\t<div class=\"elementor-element elementor-element-b40c834 e-con-full e-transform e-flex e-con e-child\" data-id=\"b40c834\" data-element_type=\"container\" data-settings=\"{&quot;_transform_scale_effect_hover&quot;:{&quot;unit&quot;:&quot;px&quot;,&quot;size&quot;:1.05,&quot;sizes&quot;:[]},&quot;_transform_scale_effect_hover_tablet&quot;:{&quot;unit&quot;:&quot;px&quot;,&quot;size&quot;:&quot;&quot;,&quot;sizes&quot;:[]},&quot;_transform_scale_effect_hover_mobile&quot;:{&quot;unit&quot;:&quot;px&quot;,&quot;size&quot;:&quot;&quot;,&quot;sizes&quot;:[]}}\">\n\t\t\t\t<div class=\"elementor-element elementor-element-3bfff28 elementor-widget elementor-widget-image\" data-id=\"3bfff28\" data-element_type=\"widget\" data-widget_type=\"image.default\">\n\t\t\t\t<div class=\"elementor-widget-container\">\n\t\t\t\t\t\t\t\t\t\t\t\t\t\t\t<img loading=\"lazy\" decoding=\"async\" width=\"1920\" height=\"830\" src=\"https:\/\/www.emeraude-vacances.com\/wp-content\/uploads\/camping-oleron-piscine-1-2.webp\" class=\"attachment-full size-full wp-image-1606\" alt=\"Campingplatz in Saint-Denis-d\u2019Ol\u00e9ron\" srcset=\"https:\/\/www.emeraude-vacances.com\/wp-content\/uploads\/camping-oleron-piscine-1-2.webp 1920w, https:\/\/www.emeraude-vacances.com\/wp-content\/uploads\/camping-oleron-piscine-1-2-300x130.webp 300w, https:\/\/www.emeraude-vacances.com\/wp-content\/uploads\/camping-oleron-piscine-1-2-1024x443.webp 1024w, https:\/\/www.emeraude-vacances.com\/wp-content\/uploads\/camping-oleron-piscine-1-2-768x332.webp 768w, https:\/\/www.emeraude-vacances.com\/wp-content\/uploads\/camping-oleron-piscine-1-2-1536x664.webp 1536w, https:\/\/www.emeraude-vacances.com\/wp-content\/uploads\/camping-oleron-piscine-1-2-18x8.webp 18w\" sizes=\"(max-width: 1920px) 100vw, 1920px\" \/>\t\t\t\t\t\t\t\t\t\t\t\t\t\t\t<\/div>\n\t\t\t\t<\/div>\n\t\t<div class=\"elementor-element elementor-element-5e171a5 e-con-full e-flex e-con e-child\" data-id=\"5e171a5\" data-element_type=\"container\" data-settings=\"{&quot;background_background&quot;:&quot;classic&quot;}\">\n\t\t\t\t<div class=\"elementor-element elementor-element-5716510 elementor-widget elementor-widget-image\" data-id=\"5716510\" data-element_type=\"widget\" data-widget_type=\"image.default\">\n\t\t\t\t<div class=\"elementor-widget-container\">\n\t\t\t\t\t\t\t\t\t\t\t\t\t\t\t\t<a href=\"https:\/\/www.emeraude-vacances.com\/de\/campingplatz-barataud\/\">\n\t\t\t\t\t\t\t<img loading=\"lazy\" decoding=\"async\" width=\"375\" height=\"107\" src=\"https:\/\/www.emeraude-vacances.com\/wp-content\/uploads\/logo-camping_barataud-oleron.png\" class=\"attachment-large size-large wp-image-272\" alt=\"\" srcset=\"https:\/\/www.emeraude-vacances.com\/wp-content\/uploads\/logo-camping_barataud-oleron.png 375w, https:\/\/www.emeraude-vacances.com\/wp-content\/uploads\/logo-camping_barataud-oleron-300x86.png 300w\" sizes=\"(max-width: 375px) 100vw, 375px\" \/>\t\t\t\t\t\t\t\t<\/a>\n\t\t\t\t\t\t\t\t\t\t\t\t\t\t\t<\/div>\n\t\t\t\t<\/div>\n\t\t\t\t<div class=\"elementor-element elementor-element-2745953 elementor-widget elementor-widget-heading\" data-id=\"2745953\" data-element_type=\"widget\" data-widget_type=\"heading.default\">\n\t\t\t\t<div class=\"elementor-widget-container\">\n\t\t\t\t\t<h2 class=\"elementor-heading-title elementor-size-default\">Campingplatz Barataud<\/h2>\t\t\t\t<\/div>\n\t\t\t\t<\/div>\n\t\t\t\t<div class=\"elementor-element elementor-element-512da66 elementor-widget elementor-widget-text-editor\" data-id=\"512da66\" data-element_type=\"widget\" data-widget_type=\"text-editor.default\">\n\t\t\t\t<div class=\"elementor-widget-container\">\n\t\t\t\t\t\t\t\t\t<p class=\"translation-block\"><strong>Der Campingplatz<\/strong> bietet eine naturnahe und famili\u00e4re Atmosph\u00e4re. <strong>Nur 150 Meter von der Plage des Huttes <\/strong>entfernt, ist er ideal f\u00fcr einen <strong>Urlaub am Meer<\/strong>. <strong>Komfortable Mobilheime f\u00fcr 2 bis 6 Personen <\/strong>laden nach einem Tag am Strand zum Entspannen ein.<\/p>\t\t\t\t\t\t\t\t<\/div>\n\t\t\t\t<\/div>\n\t\t\t\t<div class=\"elementor-element elementor-element-1405f7d elementor-align-center elementor-widget elementor-widget-button\" data-id=\"1405f7d\" data-element_type=\"widget\" data-widget_type=\"button.default\">\n\t\t\t\t<div class=\"elementor-widget-container\">\n\t\t\t\t\t\t\t\t\t<div class=\"elementor-button-wrapper\">\n\t\t\t\t\t<a class=\"elementor-button elementor-button-link elementor-size-sm\" href=\"https:\/\/www.emeraude-vacances.com\/de\/campingplatz-barataud\/\">\n\t\t\t\t\t\t<span class=\"elementor-button-content-wrapper\">\n\t\t\t\t\t\t\t\t\t<span class=\"elementor-button-text\">Mobilheime ansehen<\/span>\n\t\t\t\t\t<\/span>\n\t\t\t\t\t<\/a>\n\t\t\t\t<\/div>\n\t\t\t\t\t\t\t\t<\/div>\n\t\t\t\t<\/div>\n\t\t\t\t<\/div>\n\t\t\t\t<\/div>\n\t\t<div class=\"elementor-element elementor-element-8c4d8a6 e-con-full e-transform e-flex e-con e-child\" data-id=\"8c4d8a6\" data-element_type=\"container\" data-settings=\"{&quot;_transform_scale_effect_hover&quot;:{&quot;unit&quot;:&quot;px&quot;,&quot;size&quot;:1.05,&quot;sizes&quot;:[]},&quot;_transform_scale_effect_hover_tablet&quot;:{&quot;unit&quot;:&quot;px&quot;,&quot;size&quot;:&quot;&quot;,&quot;sizes&quot;:[]},&quot;_transform_scale_effect_hover_mobile&quot;:{&quot;unit&quot;:&quot;px&quot;,&quot;size&quot;:&quot;&quot;,&quot;sizes&quot;:[]}}\">\n\t\t\t\t<div class=\"elementor-element elementor-element-843f6c5 elementor-widget elementor-widget-image\" data-id=\"843f6c5\" data-element_type=\"widget\" data-widget_type=\"image.default\">\n\t\t\t\t<div class=\"elementor-widget-container\">\n\t\t\t\t\t\t\t\t\t\t\t\t\t\t\t<img loading=\"lazy\" decoding=\"async\" width=\"940\" height=\"435\" src=\"https:\/\/www.emeraude-vacances.com\/wp-content\/uploads\/maison-type-6-exterieur-940x435-1.jpg\" class=\"attachment-full size-full wp-image-1608\" alt=\"Campingplatz in Saint-Denis-d\u2019Ol\u00e9ron\" srcset=\"https:\/\/www.emeraude-vacances.com\/wp-content\/uploads\/maison-type-6-exterieur-940x435-1.jpg 940w, https:\/\/www.emeraude-vacances.com\/wp-content\/uploads\/maison-type-6-exterieur-940x435-1-300x139.jpg 300w, https:\/\/www.emeraude-vacances.com\/wp-content\/uploads\/maison-type-6-exterieur-940x435-1-768x355.jpg 768w, https:\/\/www.emeraude-vacances.com\/wp-content\/uploads\/maison-type-6-exterieur-940x435-1-18x8.jpg 18w\" sizes=\"(max-width: 940px) 100vw, 940px\" \/>\t\t\t\t\t\t\t\t\t\t\t\t\t\t\t<\/div>\n\t\t\t\t<\/div>\n\t\t<div class=\"elementor-element elementor-element-cc1bb58 e-con-full e-flex e-con e-child\" data-id=\"cc1bb58\" data-element_type=\"container\" data-settings=\"{&quot;background_background&quot;:&quot;classic&quot;}\">\n\t\t\t\t<div class=\"elementor-element elementor-element-3375c52 elementor-widget elementor-widget-image\" data-id=\"3375c52\" data-element_type=\"widget\" data-widget_type=\"image.default\">\n\t\t\t\t<div class=\"elementor-widget-container\">\n\t\t\t\t\t\t\t\t\t\t\t\t\t\t\t<img loading=\"lazy\" decoding=\"async\" width=\"163\" height=\"130\" src=\"https:\/\/www.emeraude-vacances.com\/wp-content\/uploads\/logo-residence-alizes-ile-oleron.png\" class=\"attachment-large size-large wp-image-274\" alt=\"\" \/>\t\t\t\t\t\t\t\t\t\t\t\t\t\t\t<\/div>\n\t\t\t\t<\/div>\n\t\t\t\t<div class=\"elementor-element elementor-element-21425b1 elementor-widget elementor-widget-heading\" data-id=\"21425b1\" data-element_type=\"widget\" data-widget_type=\"heading.default\">\n\t\t\t\t<div class=\"elementor-widget-container\">\n\t\t\t\t\t<h2 class=\"elementor-heading-title elementor-size-default\">die Ferienresidenz Les Aliz\u00e9s<\/h2>\t\t\t\t<\/div>\n\t\t\t\t<\/div>\n\t\t\t\t<div class=\"elementor-element elementor-element-9ddd76a elementor-widget elementor-widget-text-editor\" data-id=\"9ddd76a\" data-element_type=\"widget\" data-widget_type=\"text-editor.default\">\n\t\t\t\t<div class=\"elementor-widget-container\">\n\t\t\t\t\t\t\t\t\t<p class=\"translation-block\"><strong>Die familienfreundliche Ferienresidenz liegt nur 150 Meter vom Meer entfernt<\/strong>. <strong>H\u00e4user, Apartments und Studios<\/strong> bieten f\u00fcr jedes Budget die passende Unterkunft \u2013 ob <strong>zu zweit, mit der Familie oder in gr\u00f6\u00dferer Runde<\/strong>. Der ideale Ort f\u00fcr einen Urlaub wie zu Hause in <strong>\nSaint-Denis-d\u2019Ol\u00e9ron.<\/strong><\/p>\t\t\t\t\t\t\t\t<\/div>\n\t\t\t\t<\/div>\n\t\t\t\t<div class=\"elementor-element elementor-element-3983a70 elementor-align-center elementor-widget elementor-widget-button\" data-id=\"3983a70\" data-element_type=\"widget\" data-widget_type=\"button.default\">\n\t\t\t\t<div class=\"elementor-widget-container\">\n\t\t\t\t\t\t\t\t\t<div class=\"elementor-button-wrapper\">\n\t\t\t\t\t<a class=\"elementor-button elementor-button-link elementor-size-sm\" href=\"https:\/\/www.emeraude-vacances.com\/de\/ferienresidenz-les-alizes\/\">\n\t\t\t\t\t\t<span class=\"elementor-button-content-wrapper\">\n\t\t\t\t\t\t\t\t\t<span class=\"elementor-button-text\">H\u00e4user ansehen<\/span>\n\t\t\t\t\t<\/span>\n\t\t\t\t\t<\/a>\n\t\t\t\t<\/div>\n\t\t\t\t\t\t\t\t<\/div>\n\t\t\t\t<\/div>\n\t\t\t\t<\/div>\n\t\t\t\t<\/div>\n\t\t<div class=\"elementor-element elementor-element-f50b2b4 e-con-full e-transform e-flex e-con e-child\" data-id=\"f50b2b4\" data-element_type=\"container\" data-settings=\"{&quot;_transform_scale_effect_hover&quot;:{&quot;unit&quot;:&quot;px&quot;,&quot;size&quot;:1.05,&quot;sizes&quot;:[]},&quot;_transform_scale_effect_hover_tablet&quot;:{&quot;unit&quot;:&quot;px&quot;,&quot;size&quot;:&quot;&quot;,&quot;sizes&quot;:[]},&quot;_transform_scale_effect_hover_mobile&quot;:{&quot;unit&quot;:&quot;px&quot;,&quot;size&quot;:&quot;&quot;,&quot;sizes&quot;:[]}}\">\n\t\t\t\t<div class=\"elementor-element elementor-element-5122d49 elementor-widget elementor-widget-image\" data-id=\"5122d49\" data-element_type=\"widget\" data-widget_type=\"image.default\">\n\t\t\t\t<div class=\"elementor-widget-container\">\n\t\t\t\t\t\t\t\t\t\t\t\t\t\t\t<img loading=\"lazy\" decoding=\"async\" width=\"930\" height=\"430\" src=\"https:\/\/www.emeraude-vacances.com\/wp-content\/uploads\/phareouest-modele-9-mobilhome-3ch-6p-terrasse-bois-camping-ile-d-oleron.webp\" class=\"attachment-full size-full wp-image-349\" alt=\"\u00c9meraude Vacances Ol\u00e9ron\" srcset=\"https:\/\/www.emeraude-vacances.com\/wp-content\/uploads\/phareouest-modele-9-mobilhome-3ch-6p-terrasse-bois-camping-ile-d-oleron.webp 930w, https:\/\/www.emeraude-vacances.com\/wp-content\/uploads\/phareouest-modele-9-mobilhome-3ch-6p-terrasse-bois-camping-ile-d-oleron-300x139.webp 300w, https:\/\/www.emeraude-vacances.com\/wp-content\/uploads\/phareouest-modele-9-mobilhome-3ch-6p-terrasse-bois-camping-ile-d-oleron-768x355.webp 768w\" sizes=\"(max-width: 930px) 100vw, 930px\" \/>\t\t\t\t\t\t\t\t\t\t\t\t\t\t\t<\/div>\n\t\t\t\t<\/div>\n\t\t<div class=\"elementor-element elementor-element-d9db1ae e-con-full e-flex e-con e-child\" data-id=\"d9db1ae\" data-element_type=\"container\" data-settings=\"{&quot;background_background&quot;:&quot;classic&quot;}\">\n\t\t\t\t<div class=\"elementor-element elementor-element-de7aaf8 elementor-widget elementor-widget-image\" data-id=\"de7aaf8\" data-element_type=\"widget\" data-widget_type=\"image.default\">\n\t\t\t\t<div class=\"elementor-widget-container\">\n\t\t\t\t\t\t\t\t\t\t\t\t\t\t\t<img loading=\"lazy\" decoding=\"async\" width=\"375\" height=\"107\" src=\"https:\/\/www.emeraude-vacances.com\/wp-content\/uploads\/logo-camping_phare_ouest-oleron.png\" class=\"attachment-large size-large wp-image-273\" alt=\"\" srcset=\"https:\/\/www.emeraude-vacances.com\/wp-content\/uploads\/logo-camping_phare_ouest-oleron.png 375w, https:\/\/www.emeraude-vacances.com\/wp-content\/uploads\/logo-camping_phare_ouest-oleron-300x86.png 300w\" sizes=\"(max-width: 375px) 100vw, 375px\" \/>\t\t\t\t\t\t\t\t\t\t\t\t\t\t\t<\/div>\n\t\t\t\t<\/div>\n\t\t\t\t<div class=\"elementor-element elementor-element-b6b2aaa elementor-widget elementor-widget-heading\" data-id=\"b6b2aaa\" data-element_type=\"widget\" data-widget_type=\"heading.default\">\n\t\t\t\t<div class=\"elementor-widget-container\">\n\t\t\t\t\t<h2 class=\"elementor-heading-title elementor-size-default\">Campingplatz Phare Ouest<\/h2>\t\t\t\t<\/div>\n\t\t\t\t<\/div>\n\t\t\t\t<div class=\"elementor-element elementor-element-1e4e1b2 elementor-widget elementor-widget-text-editor\" data-id=\"1e4e1b2\" data-element_type=\"widget\" data-widget_type=\"text-editor.default\">\n\t\t\t\t<div class=\"elementor-widget-container\">\n\t\t\t\t\t\t\t\t\t<p class=\"translation-block\"><strong>Direkt am Atlantik<\/strong>  gelegen und nur wenige Minuten vom <strong> Leuchtturm von Chassiron und vom Hafen <\/strong>  entfernt, ist der <strong> Campingplatz<\/strong>  besonders f\u00fcr seine ruhige und famili\u00e4re Atmosph\u00e4re bekannt \u2013 ganz <strong> ohne Animationsprogramm.<\/strong>  Der perfekte Ort, um die K\u00fcste von <strong> Saint-Denis-d\u2019Ol\u00e9ron <\/strong> und die urspr\u00fcngliche C\u00f4te Sauvage zu entdecken und zu genie\u00dfen.<\/p>\t\t\t\t\t\t\t\t<\/div>\n\t\t\t\t<\/div>\n\t\t\t\t<div class=\"elementor-element elementor-element-5d6b1b7 elementor-align-center elementor-widget elementor-widget-button\" data-id=\"5d6b1b7\" data-element_type=\"widget\" data-widget_type=\"button.default\">\n\t\t\t\t<div class=\"elementor-widget-container\">\n\t\t\t\t\t\t\t\t\t<div class=\"elementor-button-wrapper\">\n\t\t\t\t\t<a class=\"elementor-button elementor-button-link elementor-size-sm\" href=\"https:\/\/www.emeraude-vacances.com\/de\/campingplatz-phare-ouest\/\">\n\t\t\t\t\t\t<span class=\"elementor-button-content-wrapper\">\n\t\t\t\t\t\t\t\t\t<span class=\"elementor-button-text\">Stellpl\u00e4tze und Mobilheime ansehen<\/span>\n\t\t\t\t\t<\/span>\n\t\t\t\t\t<\/a>\n\t\t\t\t<\/div>\n\t\t\t\t\t\t\t\t<\/div>\n\t\t\t\t<\/div>\n\t\t\t\t<\/div>\n\t\t\t\t<\/div>\n\t\t\t\t<\/div>\n\t\t<div class=\"elementor-element elementor-element-84d2ce1 e-flex e-con-boxed e-con e-parent\" data-id=\"84d2ce1\" data-element_type=\"container\">\n\t\t\t\t\t<div class=\"e-con-inner\">\n\t\t\t\t<div class=\"elementor-element elementor-element-33e4f11 elementor-widget elementor-widget-spacer\" data-id=\"33e4f11\" data-element_type=\"widget\" data-widget_type=\"spacer.default\">\n\t\t\t\t<div class=\"elementor-widget-container\">\n\t\t\t\t\t\t\t<div class=\"elementor-spacer\">\n\t\t\t<div class=\"elementor-spacer-inner\"><\/div>\n\t\t<\/div>\n\t\t\t\t\t\t<\/div>\n\t\t\t\t<\/div>\n\t\t\t\t<div class=\"elementor-element elementor-element-88d576c elementor-widget elementor-widget-text-editor\" data-id=\"88d576c\" data-element_type=\"widget\" data-widget_type=\"text-editor.default\">\n\t\t\t\t<div class=\"elementor-widget-container\">\n\t\t\t\t\t\t\t\t\t<p class=\"translation-block\">Verbringen Sie <strong>erholsame Ferien am Meer<\/strong> auf der <strong><a href=\"https:\/\/www.ile-oleron-marennes.com\/\" target=\"_blank\" rel=\"noopener\">\u00cele d\u2019Ol\u00e9ron<\/a><\/strong> mit <strong>\u00c9meraude Vacances in Saint-Denis-d\u2019Ol\u00e9ron.<\/strong><\/p>\t\t\t\t\t\t\t\t<\/div>\n\t\t\t\t<\/div>\n\t\t\t\t\t<\/div>\n\t\t\t\t<\/div>\n\t\t\t\t<\/div>","protected":false},"excerpt":{"rendered":"<p>\u00c9meraude Vacances franchit une nouvelle \u00e9tape avec la mise en ligne d\u2019un nouveau site r\u00e9unissant d\u00e9sormais ses trois \u00e9tablissements : le Camping Barataud, la R\u00e9sidence Les Aliz\u00e9s et le Camping Phare Ouest. Cette nouvelle plateforme a donc \u00e9t\u00e9 pens\u00e9e pour simplifier la d\u00e9couverte des offres du groupe. Cela permet ainsi \u00e0 vous et aux vacanciers [&hellip;]<\/p>\n","protected":false},"author":11,"featured_media":530,"comment_status":"open","ping_status":"open","sticky":false,"template":"","format":"standard","meta":{"footnotes":""},"categories":[6],"tags":[],"class_list":["post-483","post","type-post","status-publish","format-standard","has-post-thumbnail","hentry","category-actualites"],"yoast_head":"<!-- This site is optimized with the Yoast SEO plugin v27.4 - https:\/\/yoast.com\/product\/yoast-seo-wordpress\/ -->\n<title>\u00c9meraude Vacances \u00e0 Saint-Denis-d\u2019Ol\u00e9ron : locations estivales<\/title>\n<meta name=\"description\" content=\"Retrouvez le Camping Barataud, la R\u00e9sidence Les Aliz\u00e9s et le Camping Phare Ouest sur le site d&#039;\u00c9meraude Vacances \u00e0 Saint-Denis-d\u2019Ol\u00e9ron\" \/>\n<meta name=\"robots\" content=\"index, follow, max-snippet:-1, max-image-preview:large, max-video-preview:-1\" \/>\n<link rel=\"canonical\" href=\"https:\/\/www.emeraude-vacances.com\/de\/emeraude-vacances-saint-denis-d-oleron\/\" \/>\n<meta property=\"og:locale\" content=\"de_DE\" \/>\n<meta property=\"og:type\" content=\"article\" \/>\n<meta property=\"og:title\" content=\"\u00c9meraude Vacances \u00e0 Saint-Denis-d\u2019Ol\u00e9ron : locations estivales\" \/>\n<meta property=\"og:description\" content=\"Retrouvez le Camping Barataud, la R\u00e9sidence Les Aliz\u00e9s et le Camping Phare Ouest sur le site d&#039;\u00c9meraude Vacances \u00e0 Saint-Denis-d\u2019Ol\u00e9ron\" \/>\n<meta property=\"og:url\" content=\"https:\/\/www.emeraude-vacances.com\/de\/emeraude-vacances-saint-denis-d-oleron\/\" \/>\n<meta property=\"og:site_name\" content=\"\u00c9meraude Vacances\" \/>\n<meta property=\"article:published_time\" content=\"2026-03-02T11:40:56+00:00\" \/>\n<meta property=\"article:modified_time\" content=\"2026-04-07T09:06:11+00:00\" \/>\n<meta property=\"og:image\" content=\"https:\/\/s084.sowebio.net\/wp-content\/uploads\/capture-nouveau-site.webp\" \/>\n\t<meta property=\"og:image:width\" content=\"900\" \/>\n\t<meta property=\"og:image:height\" content=\"759\" \/>\n\t<meta property=\"og:image:type\" content=\"image\/webp\" \/>\n<meta name=\"author\" content=\"Maelle Fonteneau\" \/>\n<meta name=\"twitter:card\" content=\"summary_large_image\" \/>\n<meta name=\"twitter:label1\" content=\"Verfasst von\" \/>\n\t<meta name=\"twitter:data1\" content=\"Maelle Fonteneau\" \/>\n\t<meta name=\"twitter:label2\" content=\"Gesch\u00e4tzte Lesezeit\" \/>\n\t<meta name=\"twitter:data2\" content=\"5\u00a0Minuten\" \/>\n<script type=\"application\/ld+json\" class=\"yoast-schema-graph\">{\"@context\":\"https:\\\/\\\/schema.org\",\"@graph\":[{\"@type\":\"Article\",\"@id\":\"https:\\\/\\\/www.emeraude-vacances.com\\\/emeraude-vacances-saint-denis-d-oleron\\\/#article\",\"isPartOf\":{\"@id\":\"https:\\\/\\\/www.emeraude-vacances.com\\\/emeraude-vacances-saint-denis-d-oleron\\\/\"},\"author\":{\"name\":\"Maelle Fonteneau\",\"@id\":\"https:\\\/\\\/www.emeraude-vacances.com\\\/#\\\/schema\\\/person\\\/84c684901e7c0825d8cc95e9fd9e737a\"},\"headline\":\"\u00c9meraude Vacances \u00e0 Saint-Denis-d\u2019Ol\u00e9ron : 3 lieux de s\u00e9jour sur un site unique\",\"datePublished\":\"2026-03-02T11:40:56+00:00\",\"dateModified\":\"2026-04-07T09:06:11+00:00\",\"mainEntityOfPage\":{\"@id\":\"https:\\\/\\\/www.emeraude-vacances.com\\\/emeraude-vacances-saint-denis-d-oleron\\\/\"},\"wordCount\":691,\"commentCount\":0,\"publisher\":{\"@id\":\"https:\\\/\\\/www.emeraude-vacances.com\\\/#organization\"},\"image\":{\"@id\":\"https:\\\/\\\/www.emeraude-vacances.com\\\/emeraude-vacances-saint-denis-d-oleron\\\/#primaryimage\"},\"thumbnailUrl\":\"https:\\\/\\\/www.emeraude-vacances.com\\\/wp-content\\\/uploads\\\/capture-nouveau-site.webp\",\"articleSection\":[\"Actualit\u00e9s\"],\"inLanguage\":\"de\",\"potentialAction\":[{\"@type\":\"CommentAction\",\"name\":\"Comment\",\"target\":[\"https:\\\/\\\/www.emeraude-vacances.com\\\/emeraude-vacances-saint-denis-d-oleron\\\/#respond\"]}]},{\"@type\":\"WebPage\",\"@id\":\"https:\\\/\\\/www.emeraude-vacances.com\\\/emeraude-vacances-saint-denis-d-oleron\\\/\",\"url\":\"https:\\\/\\\/www.emeraude-vacances.com\\\/emeraude-vacances-saint-denis-d-oleron\\\/\",\"name\":\"\u00c9meraude Vacances \u00e0 Saint-Denis-d\u2019Ol\u00e9ron : locations estivales\",\"isPartOf\":{\"@id\":\"https:\\\/\\\/www.emeraude-vacances.com\\\/#website\"},\"primaryImageOfPage\":{\"@id\":\"https:\\\/\\\/www.emeraude-vacances.com\\\/emeraude-vacances-saint-denis-d-oleron\\\/#primaryimage\"},\"image\":{\"@id\":\"https:\\\/\\\/www.emeraude-vacances.com\\\/emeraude-vacances-saint-denis-d-oleron\\\/#primaryimage\"},\"thumbnailUrl\":\"https:\\\/\\\/www.emeraude-vacances.com\\\/wp-content\\\/uploads\\\/capture-nouveau-site.webp\",\"datePublished\":\"2026-03-02T11:40:56+00:00\",\"dateModified\":\"2026-04-07T09:06:11+00:00\",\"description\":\"Retrouvez le Camping Barataud, la R\u00e9sidence Les Aliz\u00e9s et le Camping Phare Ouest sur le site d'\u00c9meraude Vacances \u00e0 Saint-Denis-d\u2019Ol\u00e9ron\",\"breadcrumb\":{\"@id\":\"https:\\\/\\\/www.emeraude-vacances.com\\\/emeraude-vacances-saint-denis-d-oleron\\\/#breadcrumb\"},\"inLanguage\":\"de\",\"potentialAction\":[{\"@type\":\"ReadAction\",\"target\":[\"https:\\\/\\\/www.emeraude-vacances.com\\\/emeraude-vacances-saint-denis-d-oleron\\\/\"]}]},{\"@type\":\"ImageObject\",\"inLanguage\":\"de\",\"@id\":\"https:\\\/\\\/www.emeraude-vacances.com\\\/emeraude-vacances-saint-denis-d-oleron\\\/#primaryimage\",\"url\":\"https:\\\/\\\/www.emeraude-vacances.com\\\/wp-content\\\/uploads\\\/capture-nouveau-site.webp\",\"contentUrl\":\"https:\\\/\\\/www.emeraude-vacances.com\\\/wp-content\\\/uploads\\\/capture-nouveau-site.webp\",\"width\":900,\"height\":759},{\"@type\":\"BreadcrumbList\",\"@id\":\"https:\\\/\\\/www.emeraude-vacances.com\\\/emeraude-vacances-saint-denis-d-oleron\\\/#breadcrumb\",\"itemListElement\":[{\"@type\":\"ListItem\",\"position\":1,\"name\":\"Home\",\"item\":\"https:\\\/\\\/www.emeraude-vacances.com\\\/\"},{\"@type\":\"ListItem\",\"position\":2,\"name\":\"\u00c9meraude Vacances \u00e0 Saint-Denis-d\u2019Ol\u00e9ron : 3 lieux de s\u00e9jour sur un site unique\"}]},{\"@type\":\"WebSite\",\"@id\":\"https:\\\/\\\/www.emeraude-vacances.com\\\/#website\",\"url\":\"https:\\\/\\\/www.emeraude-vacances.com\\\/\",\"name\":\"\u00c9meraude Vacances\",\"description\":\"Just another WordPress site\",\"publisher\":{\"@id\":\"https:\\\/\\\/www.emeraude-vacances.com\\\/#organization\"},\"potentialAction\":[{\"@type\":\"SearchAction\",\"target\":{\"@type\":\"EntryPoint\",\"urlTemplate\":\"https:\\\/\\\/www.emeraude-vacances.com\\\/?s={search_term_string}\"},\"query-input\":{\"@type\":\"PropertyValueSpecification\",\"valueRequired\":true,\"valueName\":\"search_term_string\"}}],\"inLanguage\":\"de\"},{\"@type\":\"Organization\",\"@id\":\"https:\\\/\\\/www.emeraude-vacances.com\\\/#organization\",\"name\":\"\u00c9meraude Vacances\",\"url\":\"https:\\\/\\\/www.emeraude-vacances.com\\\/\",\"logo\":{\"@type\":\"ImageObject\",\"inLanguage\":\"de\",\"@id\":\"https:\\\/\\\/www.emeraude-vacances.com\\\/#\\\/schema\\\/logo\\\/image\\\/\",\"url\":\"https:\\\/\\\/www.emeraude-vacances.com\\\/wp-content\\\/uploads\\\/cote-d-emeraude.png\",\"contentUrl\":\"https:\\\/\\\/www.emeraude-vacances.com\\\/wp-content\\\/uploads\\\/cote-d-emeraude.png\",\"width\":756,\"height\":378,\"caption\":\"\u00c9meraude Vacances\"},\"image\":{\"@id\":\"https:\\\/\\\/www.emeraude-vacances.com\\\/#\\\/schema\\\/logo\\\/image\\\/\"}},{\"@type\":\"Person\",\"@id\":\"https:\\\/\\\/www.emeraude-vacances.com\\\/#\\\/schema\\\/person\\\/84c684901e7c0825d8cc95e9fd9e737a\",\"name\":\"Maelle Fonteneau\",\"url\":\"https:\\\/\\\/www.emeraude-vacances.com\\\/de\\\/author\\\/maelle_fonteneau\\\/\"}]}<\/script>\n<!-- \/ Yoast SEO plugin. -->","yoast_head_json":{"title":"\u00c9meraude Vacances \u00e0 Saint-Denis-d\u2019Ol\u00e9ron : locations estivales","description":"Retrouvez le Camping Barataud, la R\u00e9sidence Les Aliz\u00e9s et le Camping Phare Ouest sur le site d'\u00c9meraude Vacances \u00e0 Saint-Denis-d\u2019Ol\u00e9ron","robots":{"index":"index","follow":"follow","max-snippet":"max-snippet:-1","max-image-preview":"max-image-preview:large","max-video-preview":"max-video-preview:-1"},"canonical":"https:\/\/www.emeraude-vacances.com\/de\/emeraude-vacances-saint-denis-d-oleron\/","og_locale":"de_DE","og_type":"article","og_title":"\u00c9meraude Vacances \u00e0 Saint-Denis-d\u2019Ol\u00e9ron : locations estivales","og_description":"Retrouvez le Camping Barataud, la R\u00e9sidence Les Aliz\u00e9s et le Camping Phare Ouest sur le site d'\u00c9meraude Vacances \u00e0 Saint-Denis-d\u2019Ol\u00e9ron","og_url":"https:\/\/www.emeraude-vacances.com\/de\/emeraude-vacances-saint-denis-d-oleron\/","og_site_name":"\u00c9meraude Vacances","article_published_time":"2026-03-02T11:40:56+00:00","article_modified_time":"2026-04-07T09:06:11+00:00","og_image":[{"width":900,"height":759,"url":"https:\/\/s084.sowebio.net\/wp-content\/uploads\/capture-nouveau-site.webp","type":"image\/webp"}],"author":"Maelle Fonteneau","twitter_card":"summary_large_image","twitter_misc":{"Verfasst von":"Maelle Fonteneau","Gesch\u00e4tzte Lesezeit":"5\u00a0Minuten"},"schema":{"@context":"https:\/\/schema.org","@graph":[{"@type":"Article","@id":"https:\/\/www.emeraude-vacances.com\/emeraude-vacances-saint-denis-d-oleron\/#article","isPartOf":{"@id":"https:\/\/www.emeraude-vacances.com\/emeraude-vacances-saint-denis-d-oleron\/"},"author":{"name":"Maelle Fonteneau","@id":"https:\/\/www.emeraude-vacances.com\/#\/schema\/person\/84c684901e7c0825d8cc95e9fd9e737a"},"headline":"\u00c9meraude Vacances \u00e0 Saint-Denis-d\u2019Ol\u00e9ron : 3 lieux de s\u00e9jour sur un site unique","datePublished":"2026-03-02T11:40:56+00:00","dateModified":"2026-04-07T09:06:11+00:00","mainEntityOfPage":{"@id":"https:\/\/www.emeraude-vacances.com\/emeraude-vacances-saint-denis-d-oleron\/"},"wordCount":691,"commentCount":0,"publisher":{"@id":"https:\/\/www.emeraude-vacances.com\/#organization"},"image":{"@id":"https:\/\/www.emeraude-vacances.com\/emeraude-vacances-saint-denis-d-oleron\/#primaryimage"},"thumbnailUrl":"https:\/\/www.emeraude-vacances.com\/wp-content\/uploads\/capture-nouveau-site.webp","articleSection":["Actualit\u00e9s"],"inLanguage":"de","potentialAction":[{"@type":"CommentAction","name":"Comment","target":["https:\/\/www.emeraude-vacances.com\/emeraude-vacances-saint-denis-d-oleron\/#respond"]}]},{"@type":"WebPage","@id":"https:\/\/www.emeraude-vacances.com\/emeraude-vacances-saint-denis-d-oleron\/","url":"https:\/\/www.emeraude-vacances.com\/emeraude-vacances-saint-denis-d-oleron\/","name":"\u00c9meraude Vacances \u00e0 Saint-Denis-d\u2019Ol\u00e9ron : locations estivales","isPartOf":{"@id":"https:\/\/www.emeraude-vacances.com\/#website"},"primaryImageOfPage":{"@id":"https:\/\/www.emeraude-vacances.com\/emeraude-vacances-saint-denis-d-oleron\/#primaryimage"},"image":{"@id":"https:\/\/www.emeraude-vacances.com\/emeraude-vacances-saint-denis-d-oleron\/#primaryimage"},"thumbnailUrl":"https:\/\/www.emeraude-vacances.com\/wp-content\/uploads\/capture-nouveau-site.webp","datePublished":"2026-03-02T11:40:56+00:00","dateModified":"2026-04-07T09:06:11+00:00","description":"Retrouvez le Camping Barataud, la R\u00e9sidence Les Aliz\u00e9s et le Camping Phare Ouest sur le site d'\u00c9meraude Vacances \u00e0 Saint-Denis-d\u2019Ol\u00e9ron","breadcrumb":{"@id":"https:\/\/www.emeraude-vacances.com\/emeraude-vacances-saint-denis-d-oleron\/#breadcrumb"},"inLanguage":"de","potentialAction":[{"@type":"ReadAction","target":["https:\/\/www.emeraude-vacances.com\/emeraude-vacances-saint-denis-d-oleron\/"]}]},{"@type":"ImageObject","inLanguage":"de","@id":"https:\/\/www.emeraude-vacances.com\/emeraude-vacances-saint-denis-d-oleron\/#primaryimage","url":"https:\/\/www.emeraude-vacances.com\/wp-content\/uploads\/capture-nouveau-site.webp","contentUrl":"https:\/\/www.emeraude-vacances.com\/wp-content\/uploads\/capture-nouveau-site.webp","width":900,"height":759},{"@type":"BreadcrumbList","@id":"https:\/\/www.emeraude-vacances.com\/emeraude-vacances-saint-denis-d-oleron\/#breadcrumb","itemListElement":[{"@type":"ListItem","position":1,"name":"Home","item":"https:\/\/www.emeraude-vacances.com\/"},{"@type":"ListItem","position":2,"name":"\u00c9meraude Vacances \u00e0 Saint-Denis-d\u2019Ol\u00e9ron : 3 lieux de s\u00e9jour sur un site unique"}]},{"@type":"WebSite","@id":"https:\/\/www.emeraude-vacances.com\/#website","url":"https:\/\/www.emeraude-vacances.com\/","name":"\u00c9meraudes Vacances","description":"Just another WordPress site","publisher":{"@id":"https:\/\/www.emeraude-vacances.com\/#organization"},"potentialAction":[{"@type":"SearchAction","target":{"@type":"EntryPoint","urlTemplate":"https:\/\/www.emeraude-vacances.com\/?s={search_term_string}"},"query-input":{"@type":"PropertyValueSpecification","valueRequired":true,"valueName":"search_term_string"}}],"inLanguage":"de"},{"@type":"Organization","@id":"https:\/\/www.emeraude-vacances.com\/#organization","name":"\u00c9meraudes Vacances","url":"https:\/\/www.emeraude-vacances.com\/","logo":{"@type":"ImageObject","inLanguage":"de","@id":"https:\/\/www.emeraude-vacances.com\/#\/schema\/logo\/image\/","url":"https:\/\/www.emeraude-vacances.com\/wp-content\/uploads\/cote-d-emeraude.png","contentUrl":"https:\/\/www.emeraude-vacances.com\/wp-content\/uploads\/cote-d-emeraude.png","width":756,"height":378,"caption":"\u00c9meraude Vacances"},"image":{"@id":"https:\/\/www.emeraude-vacances.com\/#\/schema\/logo\/image\/"}},{"@type":"Person","@id":"https:\/\/www.emeraude-vacances.com\/#\/schema\/person\/84c684901e7c0825d8cc95e9fd9e737a","name":"Maelle Fonteneau","url":"https:\/\/www.emeraude-vacances.com\/de\/author\/maelle_fonteneau\/"}]}},"_links":{"self":[{"href":"https:\/\/www.emeraude-vacances.com\/de\/wp-json\/wp\/v2\/posts\/483","targetHints":{"allow":["GET"]}}],"collection":[{"href":"https:\/\/www.emeraude-vacances.com\/de\/wp-json\/wp\/v2\/posts"}],"about":[{"href":"https:\/\/www.emeraude-vacances.com\/de\/wp-json\/wp\/v2\/types\/post"}],"author":[{"embeddable":true,"href":"https:\/\/www.emeraude-vacances.com\/de\/wp-json\/wp\/v2\/users\/11"}],"replies":[{"embeddable":true,"href":"https:\/\/www.emeraude-vacances.com\/de\/wp-json\/wp\/v2\/comments?post=483"}],"version-history":[{"count":5,"href":"https:\/\/www.emeraude-vacances.com\/de\/wp-json\/wp\/v2\/posts\/483\/revisions"}],"predecessor-version":[{"id":1646,"href":"https:\/\/www.emeraude-vacances.com\/de\/wp-json\/wp\/v2\/posts\/483\/revisions\/1646"}],"wp:featuredmedia":[{"embeddable":true,"href":"https:\/\/www.emeraude-vacances.com\/de\/wp-json\/wp\/v2\/media\/530"}],"wp:attachment":[{"href":"https:\/\/www.emeraude-vacances.com\/de\/wp-json\/wp\/v2\/media?parent=483"}],"wp:term":[{"taxonomy":"category","embeddable":true,"href":"https:\/\/www.emeraude-vacances.com\/de\/wp-json\/wp\/v2\/categories?post=483"},{"taxonomy":"post_tag","embeddable":true,"href":"https:\/\/www.emeraude-vacances.com\/de\/wp-json\/wp\/v2\/tags?post=483"}],"curies":[{"name":"wp","href":"https:\/\/api.w.org\/{rel}","templated":true}]}}